{"id":133,"date":"2012-02-22T12:51:48","date_gmt":"2012-02-22T14:51:48","guid":{"rendered":"http:\/\/www.encontrabangu.com.br\/noticias\/?p=133"},"modified":"2013-08-15T14:02:29","modified_gmt":"2013-08-15T16:02:29","slug":"bombeiros-presos-por-greve-em-bangu-voltam-ao-trabalho-%e2%80%8eno-rj","status":"publish","type":"post","link":"https:\/\/www.encontrabangu.com.br\/noticias\/bombeiros-presos-por-greve-em-bangu-voltam-ao-trabalho-%e2%80%8eno-rj\/","title":{"rendered":"Bombeiros presos por greve em Bangu voltam ao trabalho \u200eno RJ"},"content":{"rendered":"<p>Os nove bombeiros do Rio de Janeiro soltos no domingo depois de serem acusados de incitar o movimento grevista da categoria apresentaram-se nesta segunda-feira nas unidades onde prestam servi\u00e7o. Esses foram os \u00faltimos dos 27 l\u00edderes detidos h\u00e1 duas semanas. A informa\u00e7\u00e3o \u00e9 da assessoria de imprensa do Corpo de Bombeiros.<\/p>\n<p>Alguns militares j\u00e1 voltaram a trabalhar hoje mesmo. Outros retomam as atividades depois do per\u00edodo de Carnaval. O cabo Benevenuto Daciolo, considerado o l\u00edder do movimento dos bombeiros, continua preso. Ele foi o primeiro militar a ser detido e encaminhado para o Pres\u00eddio de Seguran\u00e7a M\u00e1xima Bangu 1, no bairro Bangu, h\u00e1 cerca de duas semanas, quando voltava de Salvador (BA). Daciolo foi acusado de orquestrar a greve no Rio, por meio de conversas telef\u00f4nicas gravadas pelo governo da Bahia.<\/p>\n<p>Daciolo foi um dos l\u00edderes do movimento grevista dos bombeiros fluminenses no ano passado e chegou a ser detido junto com 400 militares por motim. Segundo assessoria da corpora\u00e7\u00e3o, o processo de pris\u00e3o do cabo apresentava um erro de digita\u00e7\u00e3o. Com a corre\u00e7\u00e3o do documento, o militar pode ser solto a qualquer momento.<\/p>\n<p><em>Fonte: Jornal do Brasil<\/em><\/p>\n","protected":false},"excerpt":{"rendered":"<p>Os nove bombeiros do Rio de Janeiro soltos no domingo depois de serem acusados de incitar o movimento grevista da categoria apresentaram-se nesta segunda-feira nas unidades onde prestam servi\u00e7o. Esses foram os \u00faltimos dos 27 l\u00edderes detidos h\u00e1 duas semanas. A informa\u00e7\u00e3o \u00e9 da assessoria de imprensa do Corpo de Bombeiros. Alguns militares j\u00e1 voltaram [&hellip;]<\/p>\n","protected":false},"author":1,"featured_media":0,"comment_status":"open","ping_status":"open","sticky":false,"template":"","format":"standard","meta":{"footnotes":""},"categories":[6],"tags":[],"class_list":["post-133","post","type-post","status-publish","format-standard","hentry","category-noticias"],"_links":{"self":[{"href":"https:\/\/www.encontrabangu.com.br\/noticias\/wp-json\/wp\/v2\/posts\/133","targetHints":{"allow":["GET"]}}],"collection":[{"href":"https:\/\/www.encontrabangu.com.br\/noticias\/wp-json\/wp\/v2\/posts"}],"about":[{"href":"https:\/\/www.encontrabangu.com.br\/noticias\/wp-json\/wp\/v2\/types\/post"}],"author":[{"embeddable":true,"href":"https:\/\/www.encontrabangu.com.br\/noticias\/wp-json\/wp\/v2\/users\/1"}],"replies":[{"embeddable":true,"href":"https:\/\/www.encontrabangu.com.br\/noticias\/wp-json\/wp\/v2\/comments?post=133"}],"version-history":[{"count":2,"href":"https:\/\/www.encontrabangu.com.br\/noticias\/wp-json\/wp\/v2\/posts\/133\/revisions"}],"predecessor-version":[{"id":622,"href":"https:\/\/www.encontrabangu.com.br\/noticias\/wp-json\/wp\/v2\/posts\/133\/revisions\/622"}],"wp:attachment":[{"href":"https:\/\/www.encontrabangu.com.br\/noticias\/wp-json\/wp\/v2\/media?parent=133"}],"wp:term":[{"taxonomy":"category","embeddable":true,"href":"https:\/\/www.encontrabangu.com.br\/noticias\/wp-json\/wp\/v2\/categories?post=133"},{"taxonomy":"post_tag","embeddable":true,"href":"https:\/\/www.encontrabangu.com.br\/noticias\/wp-json\/wp\/v2\/tags?post=133"}],"curies":[{"name":"wp","href":"https:\/\/api.w.org\/{rel}","templated":true}]}}